{"id":9555,"date":"2026-05-05T15:01:31","date_gmt":"2026-05-05T13:01:31","guid":{"rendered":"https:\/\/aquilae.be\/blog\/lassurance-protection-juridique-une-protection-bien-plus-large-que-simplement-les-frais-davocat\/"},"modified":"2026-05-05T15:01:31","modified_gmt":"2026-05-05T13:01:31","slug":"lassurance-protection-juridique-une-protection-bien-plus-large-que-simplement-les-frais-davocat","status":"publish","type":"post","link":"https:\/\/aquilae.be\/fr\/blog\/lassurance-protection-juridique-une-protection-bien-plus-large-que-simplement-les-frais-davocat\/","title":{"rendered":"L\u2019Assurance protection juridique : une protection bien plus large que simplement les frais d\u2019avocat"},"content":{"rendered":"<p class=\"my-5 leading-7 text-pretty text-primary-950\">L&rsquo;assurance protection juridique est un atout essentiel pour quiconque cherche \u00e0 b\u00e9n\u00e9ficier de conseils juridiques et \u00e0 se prot\u00e9ger contre les\u00a0<strong class=\"font-sans font-medium text-primary-950\">frais de proc\u00e9dure, d&rsquo;expertise, de justice<\/strong>\u00a0et\u00a0<strong class=\"font-sans font-medium text-primary-950\">d&rsquo;avocat<\/strong>. En effet, personne n&rsquo;est \u00e0 l&rsquo;abri d&rsquo;un litige, qu&rsquo;il soit personnel ou professionnel, et ces situations peuvent rapidement devenir co\u00fbteuses. Une\u00a0<strong class=\"font-sans font-medium text-primary-950\">bonne assurance protection juridique<\/strong>\u00a0permet de faire valoir vos droits sans devoir supporter des frais excessifs, et parfois m\u00eame de trouver une solution \u00e0 l&rsquo;amiable sans passer par les tribunaux.<\/p>\n<h2 id=\"une-protection-bien-plus-quun-simple-couverture-davocat\" class=\"relative text-highlighted mt-12 mb-6 !text-primary-800 font-sans text-3xl font-semibold scroll-mt-[calc(48px+45px+var(--ui-header-height))] lg:scroll-mt-[calc(48px+var(--ui-header-height))] [&amp;&gt;a]:focus-visible:outline-primary [&amp;&gt;a&gt;code]:border-dashed hover:[&amp;&gt;a&gt;code]:border-primary hover:[&amp;&gt;a&gt;code]:text-primary [&amp;&gt;a&gt;code]:text-xl\/7 [&amp;&gt;a&gt;code]:font-bold [&amp;&gt;a&gt;code]:transition-colors [&amp;_strong]:!text-primary-800 [&amp;&gt;a]:!text-primary-800 [&amp;.text-highlighted]:!text-primary-800\">Une protection bien plus qu&rsquo;un simple couverture d\u2019avocat<\/h2>\n<p class=\"my-5 leading-7 text-pretty text-primary-950\">Une id\u00e9e re\u00e7ue fr\u00e9quente est que l&rsquo;assurance protection juridique ne couvre que les frais d&rsquo;avocat. Pourtant, son principal avantage r\u00e9side dans\u00a0<strong class=\"font-sans font-medium text-primary-950\">l&rsquo;acc\u00e8s \u00e0 des conseils juridiques professionnels<\/strong>. Cela permet de r\u00e9soudre de nombreux conflits de mani\u00e8re amiable, sans avoir \u00e0 se rendre devant un juge. Environ\u00a0<strong class=\"font-sans font-medium text-primary-950\">80 \u00e0 90 % des conflits<\/strong>\u00a0sont r\u00e9gl\u00e9s sans intervention judiciaire.<\/p>\n<p class=\"my-5 leading-7 text-pretty text-primary-950\">Ainsi, plus de\u00a0<strong class=\"font-sans font-medium text-primary-950\">300 000 dossiers en Belgique<\/strong>\u00a0sont r\u00e9solus sans passer par les tribunaux, ce qui contribue \u00e0 all\u00e9ger l&rsquo;arri\u00e9r\u00e9 judiciaire. Les r\u00e8glements \u00e0 l&rsquo;amiable sont non seulement plus rapides mais \u00e9galement b\u00e9n\u00e9fiques pour toutes les parties concern\u00e9es, car ils permettent souvent d\u2019aboutir \u00e0 une solution mutuellement satisfaisante.<\/p>\n<h2 id=\"diff\u00e9rences-entre-assistance-protection-juridique-dans-les-assurances-classiques-et-polices-d\u00e9di\u00e9es-\u00e0-la-protection-juridique\" class=\"relative text-highlighted mt-12 mb-6 !text-primary-800 font-sans text-3xl font-semibold scroll-mt-[calc(48px+45px+var(--ui-header-height))] lg:scroll-mt-[calc(48px+var(--ui-header-height))] [&amp;&gt;a]:focus-visible:outline-primary [&amp;&gt;a&gt;code]:border-dashed hover:[&amp;&gt;a&gt;code]:border-primary hover:[&amp;&gt;a&gt;code]:text-primary [&amp;&gt;a&gt;code]:text-xl\/7 [&amp;&gt;a&gt;code]:font-bold [&amp;&gt;a&gt;code]:transition-colors [&amp;_strong]:!text-primary-800 [&amp;&gt;a]:!text-primary-800 [&amp;.text-highlighted]:!text-primary-800\">Diff\u00e9rences entre assistance protection juridique dans les assurances classiques et polices d\u00e9di\u00e9es \u00e0 la protection juridique<\/h2>\n<p class=\"my-5 leading-7 text-pretty text-primary-950\">Il est important de distinguer l\u2019assistance juridique dans les\u00a0<strong class=\"font-sans font-medium text-primary-950\">polices d\u2019assurances classiques<\/strong>\u00a0(auto, incendie, etc.) et celle des\u00a0<strong class=\"font-sans font-medium text-primary-950\">polices d\u00e9di\u00e9es \u00e0 la protection juridique<\/strong>. En effet, de nombreuses assurances standards offrent une\u00a0<strong class=\"font-sans font-medium text-primary-950\">d\u00e9fense en justice<\/strong>, mais celle-ci est g\u00e9n\u00e9ralement limit\u00e9e \u00e0 un seul domaine, comme l&rsquo;auto ou les dommages incendie.<\/p>\n<p class=\"my-5 leading-7 text-pretty text-primary-950\">Par contre,\u00a0<strong class=\"font-sans font-medium text-primary-950\">une assurance protection juridique<\/strong>\u00a0offre une couverture plus large et plus compl\u00e8te, et c&rsquo;est ce qu&rsquo;on appelle une\u00a0<strong class=\"font-sans font-medium text-primary-950\">couverture \u00e9tendue<\/strong>. Quelques exemples ;<\/p>\n<ol class=\"list-decimal ps-6 my-5 marker:text-muted text-primary-950\">\n<li class=\"my-1.5 ps-1.5 leading-7 [&amp;&gt;ul]:my-0 text-primary-950\"><strong class=\"font-sans font-medium text-primary-950\">Protection des Consommateurs<\/strong><br \/>\nSi vous achetez un produit d\u00e9fectueux (comme un ordinateur et que le distributeur refuse de vous rembourser, votre\u00a0<strong class=\"font-sans font-medium text-primary-950\">assurance protection juridique<\/strong>\u00a0prendra en charge les d\u00e9marches pour garantir vos droits \u00e0 la garantie l\u00e9gale.<\/li>\n<li class=\"my-1.5 ps-1.5 leading-7 [&amp;&gt;ul]:my-0 text-primary-950\"><strong class=\"font-sans font-medium text-primary-950\">D\u00e9fense P\u00e9nale<\/strong><br \/>\nSi vous \u00eates responsable d&rsquo;un accident, comme un passant qui se blesse sur votre trottoir non d\u00e9neig\u00e9, votre assurance couvrira les\u00a0<strong class=\"font-sans font-medium text-primary-950\">frais d&rsquo;avocat<\/strong>\u00a0et autres\u00a0<strong class=\"font-sans font-medium text-primary-950\">frais de proc\u00e9dure<\/strong>\u00a0associ\u00e9s \u00e0 votre d\u00e9fense.<\/li>\n<li class=\"my-1.5 ps-1.5 leading-7 [&amp;&gt;ul]:my-0 text-primary-950\"><strong class=\"font-sans font-medium text-primary-950\">Recours Civil<\/strong><br \/>\nEn cas de litige avec un voisin, comme des d\u00e9g\u00e2ts caus\u00e9s par des travaux, l&rsquo;assurance prendra en charge les frais d\u2019expertise et les frais juridiques n\u00e9cessaires pour faire valoir vos droits.<\/li>\n<li class=\"my-1.5 ps-1.5 leading-7 [&amp;&gt;ul]:my-0 text-primary-950\"><strong class=\"font-sans font-medium text-primary-950\">Droit Fiscal<\/strong><br \/>\nEn cas de contestation de\u00a0<strong class=\"font-sans font-medium text-primary-950\">droit fiscal<\/strong>, comme un redressement fiscal, votre assurance vous aidera \u00e0 n\u00e9gocier un compromis ou \u00e0 vous d\u00e9fendre contre le fisc.<\/li>\n<li class=\"my-1.5 ps-1.5 leading-7 [&amp;&gt;ul]:my-0 text-primary-950\"><strong class=\"font-sans font-medium text-primary-950\">Droit Social<\/strong><br \/>\nEn cas de\u00a0<strong class=\"font-sans font-medium text-primary-950\">licenciement injustifi\u00e9<\/strong>, l&rsquo;assurance protection juridique d\u00e9fendra vos int\u00e9r\u00eats pour obtenir la r\u00e9paration du tort subi, comme l\u2019indemnit\u00e9 de licenciement.<\/li>\n<\/ol>\n<h2 id=\"conclusion-lessentiel-de-lassurance-protection-juridique\" class=\"relative text-highlighted mt-12 mb-6 !text-primary-800 font-sans text-3xl font-semibold scroll-mt-[calc(48px+45px+var(--ui-header-height))] lg:scroll-mt-[calc(48px+var(--ui-header-height))] [&amp;&gt;a]:focus-visible:outline-primary [&amp;&gt;a&gt;code]:border-dashed hover:[&amp;&gt;a&gt;code]:border-primary hover:[&amp;&gt;a&gt;code]:text-primary [&amp;&gt;a&gt;code]:text-xl\/7 [&amp;&gt;a&gt;code]:font-bold [&amp;&gt;a&gt;code]:transition-colors [&amp;_strong]:!text-primary-800 [&amp;&gt;a]:!text-primary-800 [&amp;.text-highlighted]:!text-primary-800\">Conclusion : L&rsquo;essentiel de l\u2019assurance protection juridique<\/h2>\n<p class=\"my-5 leading-7 text-pretty text-primary-950\">Dans un monde en constante \u00e9volution, le besoin de protection juridique est devenu plus que jamais crucial. Les individus sont aujourd&rsquo;hui plus enclins \u00e0 intenter des actions en justice, ce qui rend l\u2019assurance protection juridique indispensable pour se d\u00e9fendre efficacement.<\/p>\n<p class=\"my-5 leading-7 text-pretty text-primary-950\">Les\u00a0<strong class=\"font-sans font-medium text-primary-950\">courtiers en assurances<\/strong>\u00a0consid\u00e8rent cette assurance comme la\u00a0<strong class=\"font-sans font-medium text-primary-950\">pierre angulaire de la couverture d&rsquo;assurance<\/strong>. En effet, elle permet non seulement de r\u00e9parer les torts que vous causez \u00e0 autrui, mais aussi de vous prot\u00e9ger contre les injustices dont vous \u00eates victime. Pour une couverture compl\u00e8te et optimale, l&rsquo;assurance protection juridique est essentielle.<\/p>\n","protected":false},"excerpt":{"rendered":"<p>L&rsquo;assurance protection juridique est un atout essentiel pour quiconque cherche \u00e0 b\u00e9n\u00e9ficier de conseils juridiques et \u00e0 se prot\u00e9ger contre  [&hellip;]<\/p>\n","protected":false},"author":1,"featured_media":9558,"comment_status":"closed","ping_status":"open","sticky":false,"template":"","format":"standard","meta":{"_coblocks_attr":"","_coblocks_dimensions":"","_coblocks_responsive_height":"","_coblocks_accordion_ie_support":"","_wpcom_ai_launchpad_first_post":false,"footnotes":"","jetpack_post_was_ever_published":false,"_members_access_role":[],"_members_access_error":""},"categories":[100],"tags":[],"class_list":["post-9555","post","type-post","status-publish","format-standard","has-post-thumbnail","hentry","category-non-classifiee"],"jetpack_featured_media_url":"https:\/\/aquilae.be\/wp-content\/uploads\/2026\/05\/frr.jpg","_links":{"self":[{"href":"https:\/\/aquilae.be\/fr\/wp-json\/wp\/v2\/posts\/9555","targetHints":{"allow":["GET"]}}],"collection":[{"href":"https:\/\/aquilae.be\/fr\/wp-json\/wp\/v2\/posts"}],"about":[{"href":"https:\/\/aquilae.be\/fr\/wp-json\/wp\/v2\/types\/post"}],"author":[{"embeddable":true,"href":"https:\/\/aquilae.be\/fr\/wp-json\/wp\/v2\/users\/1"}],"replies":[{"embeddable":true,"href":"https:\/\/aquilae.be\/fr\/wp-json\/wp\/v2\/comments?post=9555"}],"version-history":[{"count":0,"href":"https:\/\/aquilae.be\/fr\/wp-json\/wp\/v2\/posts\/9555\/revisions"}],"wp:featuredmedia":[{"embeddable":true,"href":"https:\/\/aquilae.be\/fr\/wp-json\/wp\/v2\/media\/9558"}],"wp:attachment":[{"href":"https:\/\/aquilae.be\/fr\/wp-json\/wp\/v2\/media?parent=9555"}],"wp:term":[{"taxonomy":"category","embeddable":true,"href":"https:\/\/aquilae.be\/fr\/wp-json\/wp\/v2\/categories?post=9555"},{"taxonomy":"post_tag","embeddable":true,"href":"https:\/\/aquilae.be\/fr\/wp-json\/wp\/v2\/tags?post=9555"}],"curies":[{"name":"wp","href":"https:\/\/api.w.org\/{rel}","templated":true}]}}