{"id":8876,"date":"2025-06-04T13:55:39","date_gmt":"2025-06-04T11:55:39","guid":{"rendered":"https:\/\/aquilae.be\/blog\/assurance-vie-branche-26-une-solution-de-placement-ideale-pour-les-entreprises\/"},"modified":"2025-07-03T13:55:39","modified_gmt":"2025-07-03T11:55:39","slug":"assurance-vie-branche-26-une-solution-de-placement-ideale-pour-les-entreprises","status":"publish","type":"post","link":"https:\/\/aquilae.be\/fr\/blog\/assurance-vie-branche-26-une-solution-de-placement-ideale-pour-les-entreprises\/","title":{"rendered":"Assurance vie branche 26 : une solution de placement id\u00e9ale pour les entreprises"},"content":{"rendered":"<div class=\"clearfix text-formatted field field--name-body field--type-text-with-summary field--label-hidden field__item\">\n<p>Saviez-vous qu&rsquo;il existe une forme d\u2019assurance vie sp\u00e9cifiquement adapt\u00e9e aux besoins des entreprises et des associations ?\u00a0<strong>Les assurances vie de la branche 26<\/strong>, issues de la branche 21, repr\u00e9sentent un\u00a0<strong>placement financier s\u00e9curis\u00e9<\/strong>, offrant un\u00a0<strong>rendement garanti<\/strong>\u00a0tout en b\u00e9n\u00e9ficiant d\u2019un r\u00e9gime fiscal avantageux. Contrairement aux contrats classiques, elles ne pr\u00e9voient pas de capital d\u00e9c\u00e8s ni de b\u00e9n\u00e9ficiaire d\u00e9sign\u00e9, ce qui les rend particuli\u00e8rement adapt\u00e9es aux personnes morales.<\/p>\n<\/div>\n<div id=\"content-blocks\">\n<div class=\"paragraph paragraph--text paragraph--type--text paragraph--view-mode--default paragraph--qu\u2019est-ce-qu\u2019un-contrat-de-la-branche-26-\">\n<div class=\"block-container wrapper-container\">\n<div class=\"inner wrapper\">\n<div class=\"clearfix text-formatted field field--name-field-p-multi-body field--type-text-long field--label-hidden field__item\">\n<h2><strong>Qu\u2019est-ce qu\u2019un contrat de la branche 26 ?<\/strong><\/h2>\n<p>Un\u00a0<strong>contrat d\u2019assurance branche 26<\/strong>\u00a0est un\u00a0<strong>produit de capitalisation<\/strong>\u00a0comparable \u00e0 un bon de caisse ou une obligation. \u00c0 l\u2019\u00e9ch\u00e9ance choisie par le preneur, le<strong>\u00a0capital investi<\/strong>\u00a0et les\u00a0<strong>int\u00e9r\u00eats\u00a0<\/strong>sont vers\u00e9s au(x) souscripteur(s). La sp\u00e9cificit\u00e9 fiscale de ce produit :\u00a0<strong>aucune taxe sur les primes<\/strong>\u00a0\u00a0Toutefois, un\u00a0<strong>pr\u00e9compte mobilier<\/strong>\u00a0est d\u00fb sur les int\u00e9r\u00eats au terme du contrat. La\u00a0<strong>retenue d&rsquo;imp\u00f4t sur les revenus mobiliers<\/strong>\u00a0(pr\u00e9compte mobilier) peut \u00e9galement \u00eatre d\u00e9duite de l\u2019imp\u00f4t des soci\u00e9t\u00e9s, ce qui repr\u00e9sente un\u00a0<strong>avantage fiscal non n\u00e9gligeable<\/strong>\u00a0pour les entreprises soumises \u00e0 l\u2019imp\u00f4t sur leurs b\u00e9n\u00e9fices globaux.<\/p>\n<p>L\u2019un des atouts majeurs d\u2019une\u00a0<strong>assurance vie de la branche 26<\/strong>\u00a0r\u00e9side dans le fait qu\u2019il\u00a0<strong>n\u2019est pas n\u00e9cessaire de d\u00e9signer un assur\u00e9 ou un b\u00e9n\u00e9ficiaire<\/strong>. Cela en fait un\u00a0<strong>instrument d\u2019\u00e9pargne simple, transparent et s\u00e9curis\u00e9\u00a0<\/strong>pour les entreprises, associations ou autres organisations.<\/p>\n<h2><strong>Conclusion : la branche 26, le produit d\u2019investissement id\u00e9al pour les entreprises<\/strong><\/h2>\n<p>En r\u00e9sum\u00e9,\u00a0<strong>l\u2019assurance vie de la branche 26\u00a0<\/strong>est une\u00a0<strong>solution de placement id\u00e9ale\u00a0<\/strong>pour les soci\u00e9t\u00e9s, ASBL et autres entit\u00e9s \u00e0 la recherche d\u2019un\u00a0<strong>investissement s\u00e9curis\u00e9 et fiscalement avantageux<\/strong>. Avec son\u00a0<strong>rendement garanti<\/strong>, ses\u00a0<strong>avantages fiscaux\u00a0<\/strong>et sa\u00a0<strong>grande simplicit\u00e9<\/strong>, elle constitue un outil parfait pour\u00a0<strong>optimiser les r\u00e9serves de tr\u00e9sorerie\u00a0<\/strong>sans s\u2019exposer \u00e0 une fiscalit\u00e9 lourde ni \u00e0 des conditions complexes.<\/p>\n<p><strong>Envisagez la branche 26 pour votre entreprise\u00a0<\/strong>et d\u00e9couvrez les b\u00e9n\u00e9fices de ce\u00a0<strong>produit de placement polyvalent.<\/strong><\/p>\n<\/div>\n<p>Source: Votre Courtier, Votre meilleure Assurance<\/p>\n<\/div>\n<\/div>\n<\/div>\n<\/div>\n","protected":false},"excerpt":{"rendered":"<p>Saviez-vous qu&rsquo;il existe une forme d\u2019assurance vie sp\u00e9cifiquement adapt\u00e9e aux besoins des entreprises et des associations ?\u00a0Les assurances vie de  [&hellip;]<\/p>\n","protected":false},"author":1,"featured_media":8874,"comment_status":"closed","ping_status":"open","sticky":false,"template":"","format":"standard","meta":{"_coblocks_attr":"","_coblocks_dimensions":"","_coblocks_responsive_height":"","_coblocks_accordion_ie_support":"","_wpcom_ai_launchpad_first_post":false,"footnotes":"","jetpack_post_was_ever_published":false,"_members_access_role":[],"_members_access_error":""},"categories":[100],"tags":[],"class_list":["post-8876","post","type-post","status-publish","format-standard","has-post-thumbnail","hentry","category-non-classifiee"],"jetpack_featured_media_url":"https:\/\/aquilae.be\/wp-content\/uploads\/2025\/07\/nlll-1.jpg","_links":{"self":[{"href":"https:\/\/aquilae.be\/fr\/wp-json\/wp\/v2\/posts\/8876","targetHints":{"allow":["GET"]}}],"collection":[{"href":"https:\/\/aquilae.be\/fr\/wp-json\/wp\/v2\/posts"}],"about":[{"href":"https:\/\/aquilae.be\/fr\/wp-json\/wp\/v2\/types\/post"}],"author":[{"embeddable":true,"href":"https:\/\/aquilae.be\/fr\/wp-json\/wp\/v2\/users\/1"}],"replies":[{"embeddable":true,"href":"https:\/\/aquilae.be\/fr\/wp-json\/wp\/v2\/comments?post=8876"}],"version-history":[{"count":0,"href":"https:\/\/aquilae.be\/fr\/wp-json\/wp\/v2\/posts\/8876\/revisions"}],"wp:featuredmedia":[{"embeddable":true,"href":"https:\/\/aquilae.be\/fr\/wp-json\/wp\/v2\/media\/8874"}],"wp:attachment":[{"href":"https:\/\/aquilae.be\/fr\/wp-json\/wp\/v2\/media?parent=8876"}],"wp:term":[{"taxonomy":"category","embeddable":true,"href":"https:\/\/aquilae.be\/fr\/wp-json\/wp\/v2\/categories?post=8876"},{"taxonomy":"post_tag","embeddable":true,"href":"https:\/\/aquilae.be\/fr\/wp-json\/wp\/v2\/tags?post=8876"}],"curies":[{"name":"wp","href":"https:\/\/api.w.org\/{rel}","templated":true}]}}